{"id":18030,"date":"2025-03-24T20:22:38","date_gmt":"2025-03-24T20:22:38","guid":{"rendered":"https:\/\/www.alsusboutiquehotel.com\/?p=18030"},"modified":"2025-06-05T18:34:42","modified_gmt":"2025-06-05T15:34:42","slug":"what-is-silver-tourism","status":"publish","type":"post","link":"https:\/\/www.alsusboutiquehotel.com\/hu\/what-is-silver-tourism\/","title":{"rendered":"Mi az az \u201eEz\u00fcst Turizmus\u201d?"},"content":{"rendered":"<div data-elementor-type=\"wp-post\" data-elementor-id=\"18030\" class=\"elementor elementor-18030\">\n\t\t\t\t        <section class=\"elementor-section elementor-top-section elementor-element elementor-element-4828327 elementor-section-boxed elementor-section-height-default elementor-section-height-default pxl-section-static-pos-no pxl-section-overflow-hidden-no pxl-container-margin-auto-no\" data-id=\"4828327\" data-element_type=\"section\" data-e-type=\"section\">\n\n                \n                <div class=\"elementor-container elementor-column-gap-default\">\n                <div class=\"elementor-column elementor-col-100 elementor-top-column elementor-element elementor-element-e33c591 col-offset-none pxl-column-element-default pxl-column-overflow-hidden-no\" data-id=\"e33c591\" data-element_type=\"column\" data-e-type=\"column\">\r\n        <div class=\"elementor-widget-wrap elementor-element-populated\">\r\n                            <section class=\"elementor-section elementor-inner-section elementor-element elementor-element-8489250 elementor-section-boxed elementor-section-height-default elementor-section-height-default pxl-section-static-pos-no pxl-section-overflow-hidden-no pxl-container-margin-auto-no\" data-id=\"8489250\" data-element_type=\"section\" data-e-type=\"section\">\n\n                \n                <div class=\"elementor-container elementor-column-gap-default\">\n                <div class=\"elementor-column elementor-col-100 elementor-inner-column elementor-element elementor-element-ce35595 col-offset-none pxl-column-element-default pxl-column-overflow-hidden-no\" data-id=\"ce35595\" data-element_type=\"column\" data-e-type=\"column\">\r\n        <div class=\"elementor-widget-wrap elementor-element-populated\">\r\n                    \t\t<div class=\"elementor-element elementor-element-b2bc531 elementor-widget elementor-widget-pxl_heading\" data-id=\"b2bc531\" data-element_type=\"widget\" data-e-type=\"widget\" data-widget_type=\"pxl_heading.default\">\n\t\t\t\t<div class=\"elementor-widget-container\">\n\t\t\t\t\t<div class=\"pxl-heading-wrap d-flex\">\n    <div class=\"pxl-heading-inner center\">\n                <h2 class=\"heading-title\">\n                        Mi az \u201eez\u00fcstturizmus\u201d \u00e9s hogyan profit\u00e1lhat bel\u0151le G\u00f6r\u00f6gorsz\u00e1g?         <\/h2>\n            <\/div>\n<\/div>\n\n\t\t\t\t<\/div>\n\t\t\t\t<\/div>\n\t\t                    <\/div>\r\n        <\/div>\r\n        \t\t\t<\/div>\n\t\t<\/section>\n\t\t                    <\/div>\r\n        <\/div>\r\n        \t\t\t<\/div>\n\t\t<\/section>\n\t\t        <section class=\"elementor-section elementor-top-section elementor-element elementor-element-d8b6972 elementor-section-boxed elementor-section-height-default elementor-section-height-default pxl-section-static-pos-no pxl-section-overflow-hidden-no pxl-container-margin-auto-no\" data-id=\"d8b6972\" data-element_type=\"section\" data-e-type=\"section\">\n\n                \n                <div class=\"elementor-container elementor-column-gap-default\">\n                <div class=\"elementor-column elementor-col-100 elementor-top-column elementor-element elementor-element-a3def1f col-offset-none pxl-column-element-default pxl-column-overflow-hidden-no\" data-id=\"a3def1f\" data-element_type=\"column\" data-e-type=\"column\">\r\n        <div class=\"elementor-widget-wrap elementor-element-populated\">\r\n                            <section class=\"elementor-section elementor-inner-section elementor-element elementor-element-2a679ea elementor-section-boxed elementor-section-height-default elementor-section-height-default pxl-section-static-pos-no pxl-section-overflow-hidden-no pxl-container-margin-auto-no\" data-id=\"2a679ea\" data-element_type=\"section\" data-e-type=\"section\">\n\n                \n                <div class=\"elementor-container elementor-column-gap-default\">\n                <div class=\"elementor-column elementor-col-100 elementor-inner-column elementor-element elementor-element-b2ae9fd col-offset-none pxl-column-element-default pxl-column-overflow-hidden-no\" data-id=\"b2ae9fd\" data-element_type=\"column\" data-e-type=\"column\">\r\n        <div class=\"elementor-widget-wrap elementor-element-populated\">\r\n                    \t\t<div class=\"elementor-element elementor-element-39ea054 elementor-widget elementor-widget-pxl_text_editor\" data-id=\"39ea054\" data-element_type=\"widget\" data-e-type=\"widget\" data-widget_type=\"pxl_text_editor.default\">\n\t\t\t\t<div class=\"elementor-widget-container\">\n\t\t\t\t\t<div id=\"pxl_text_editor-39ea054-1874\" class=\"pxl-text-editor-wrap d-flex\" >\n\t<div class=\"pxl-text-editor elementor-clearfix\">\n\t\t<p><span class=\"HwtZe\" lang=\"en\"><span class=\"jCAhz ChMk0b\"><span class=\"ryNqvb\">(Viki Tryfona alkot\u00e1sa \u2013 powergame.gr)<\/span><\/span><\/span><\/p><p><span class=\"HwtZe\" lang=\"en\"><span class=\"jCAhz ChMk0b\"><span class=\"ryNqvb\">Az \u201eEz\u00fcst Turizmus\u201d egy dinamikusan fejl\u0151d\u0151 turisztikai piac, amely az id\u0151sek, azaz az emberek utaz\u00e1si ig\u00e9nyeire \u00f6sszpontos\u00edt <strong>60 \u00e9v feletti<\/strong>Mivel Eur\u00f3pa el\u0151rejelzi, hogy <strong>34%<\/strong> 2050-re a lakoss\u00e1g\u00e1nak sz\u00e1zezete ebbe a korcsoportba fog tartozni.<\/span><\/span><\/span><\/p><ul><li>Az \u201eez\u00fcst turizmus\u201d egyre fontosabb\u00e1 v\u00e1lik a turisztikai ipar \u00e9s a gazdas\u00e1g sz\u00e1m\u00e1ra.\u00a0<\/li><li>G\u00f6r\u00f6gorsz\u00e1g term\u00e9szeti sz\u00e9ps\u00e9g\u00e9vel, t\u00f6rt\u00e9nelm\u00e9vel \u00e9s vend\u00e9gszeretet\u00e9vel vezet\u0151 szerepet t\u00f6lthet be ebben az \u00e1gazatban.<\/li><\/ul>\t\t\n\t<\/div>\n<\/div>\t\t\t\t<\/div>\n\t\t\t\t<\/div>\n\t\t                    <\/div>\r\n        <\/div>\r\n        \t\t\t<\/div>\n\t\t<\/section>\n\t\t                    <\/div>\r\n        <\/div>\r\n        \t\t\t<\/div>\n\t\t<\/section>\n\t\t        <section class=\"elementor-section elementor-top-section elementor-element elementor-element-8ec1924 elementor-section-boxed elementor-section-height-default elementor-section-height-default pxl-section-static-pos-no pxl-section-overflow-hidden-no pxl-container-margin-auto-no\" data-id=\"8ec1924\" data-element_type=\"section\" data-e-type=\"section\">\n\n                \n                <div class=\"elementor-container elementor-column-gap-default\">\n                <div class=\"elementor-column elementor-col-100 elementor-top-column elementor-element elementor-element-2d4bced col-offset-none pxl-column-element-default pxl-column-overflow-hidden-no\" data-id=\"2d4bced\" data-element_type=\"column\" data-e-type=\"column\">\r\n        <div class=\"elementor-widget-wrap elementor-element-populated\">\r\n                            <section class=\"elementor-section elementor-inner-section elementor-element elementor-element-a6fc480 elementor-section-boxed elementor-section-height-default elementor-section-height-default pxl-section-static-pos-no pxl-section-overflow-hidden-no pxl-container-margin-auto-no\" data-id=\"a6fc480\" data-element_type=\"section\" data-e-type=\"section\">\n\n                \n                <div class=\"elementor-container elementor-column-gap-default\">\n                <div class=\"elementor-column elementor-col-50 elementor-inner-column elementor-element elementor-element-4d2f1b8 col-offset-none pxl-column-element-default pxl-column-overflow-hidden-no\" data-id=\"4d2f1b8\" data-element_type=\"column\" data-e-type=\"column\">\r\n        <div class=\"elementor-widget-wrap elementor-element-populated\">\r\n                    \t\t<div class=\"elementor-element elementor-element-c4325d4 elementor-widget elementor-widget-image\" data-id=\"c4325d4\" data-element_type=\"widget\" data-e-type=\"widget\" data-widget_type=\"image.default\">\n\t\t\t\t<div class=\"elementor-widget-container\">\n\t\t\t\t\t\t\t\t\t\t\t\t\t\t\t<img fetchpriority=\"high\" decoding=\"async\" width=\"600\" height=\"800\" src=\"https:\/\/www.alsusboutiquehotel.com\/wp-content\/uploads\/Day-cruise-to-Dia-island-with-sailing-yacht-11-600x800-1.jpg\" class=\"attachment-full size-full wp-image-17322\" alt=\"Napi haj\u00f3\u00fat Dia sziget\u00e9re vitorl\u00e1shaj\u00f3val\" srcset=\"https:\/\/www.alsusboutiquehotel.com\/wp-content\/uploads\/Day-cruise-to-Dia-island-with-sailing-yacht-11-600x800-1.jpg 600w, https:\/\/www.alsusboutiquehotel.com\/wp-content\/uploads\/Day-cruise-to-Dia-island-with-sailing-yacht-11-600x800-1-9x12.jpg 9w, https:\/\/www.alsusboutiquehotel.com\/wp-content\/uploads\/Day-cruise-to-Dia-island-with-sailing-yacht-11-600x800-1-533x710.jpg 533w\" sizes=\"(max-width: 600px) 100vw, 600px\" title=\"\">\t\t\t\t\t\t\t\t\t\t\t\t\t\t\t<\/div>\n\t\t\t\t<\/div>\n\t\t\t\t<div class=\"elementor-element elementor-element-c8c2515 elementor-widget elementor-widget-image\" data-id=\"c8c2515\" data-element_type=\"widget\" data-e-type=\"widget\" data-widget_type=\"image.default\">\n\t\t\t\t<div class=\"elementor-widget-container\">\n\t\t\t\t\t\t\t\t\t\t\t\t\t\t\t<img decoding=\"async\" width=\"602\" height=\"775\" data-src=\"https:\/\/www.alsusboutiquehotel.com\/wp-content\/uploads\/our-wine-bar-Alsus-Boutique-Hotel-at-Ammoudara-Heraklion-CRETE.jpg\" class=\"attachment-full size-full wp-image-17782 lazyload\" alt=\"borb\u00e1runk - Alsus Boutique Hotel Ammoudar\u00e1ban (Heraklion, Kr\u00e9ta)\" data-srcset=\"https:\/\/www.alsusboutiquehotel.com\/wp-content\/uploads\/our-wine-bar-Alsus-Boutique-Hotel-at-Ammoudara-Heraklion-CRETE.jpg 602w, https:\/\/www.alsusboutiquehotel.com\/wp-content\/uploads\/our-wine-bar-Alsus-Boutique-Hotel-at-Ammoudara-Heraklion-CRETE-9x12.jpg 9w, https:\/\/www.alsusboutiquehotel.com\/wp-content\/uploads\/our-wine-bar-Alsus-Boutique-Hotel-at-Ammoudara-Heraklion-CRETE-552x710.jpg 552w\" data-sizes=\"(max-width: 602px) 100vw, 602px\" title=\"\" src=\"data:image\/svg+xml;base64,PHN2ZyB3aWR0aD0iMSIgaGVpZ2h0PSIxIiB4bWxucz0iaHR0cDovL3d3dy53My5vcmcvMjAwMC9zdmciPjwvc3ZnPg==\" style=\"--smush-placeholder-width: 602px; --smush-placeholder-aspect-ratio: 602\/775;\">\t\t\t\t\t\t\t\t\t\t\t\t\t\t\t<\/div>\n\t\t\t\t<\/div>\n\t\t                    <\/div>\r\n        <\/div>\r\n                <div class=\"elementor-column elementor-col-50 elementor-inner-column elementor-element elementor-element-df9db94 col-offset-none pxl-column-element-default pxl-column-overflow-hidden-no\" data-id=\"df9db94\" data-element_type=\"column\" data-e-type=\"column\">\r\n        <div class=\"elementor-widget-wrap elementor-element-populated\">\r\n                    \t\t<div class=\"elementor-element elementor-element-be8071f elementor-widget elementor-widget-pxl_heading\" data-id=\"be8071f\" data-element_type=\"widget\" data-e-type=\"widget\" data-widget_type=\"pxl_heading.default\">\n\t\t\t\t<div class=\"elementor-widget-container\">\n\t\t\t\t\t<div class=\"pxl-heading-wrap d-flex\">\n    <div class=\"pxl-heading-inner\">\n                <h3 class=\"heading-title\">\n                        Mi az az \u201eEz\u00fcstturizmus\u201d?         <\/h3>\n            <\/div>\n<\/div>\n\n\t\t\t\t<\/div>\n\t\t\t\t<\/div>\n\t\t\t\t<div class=\"elementor-element elementor-element-f1d9b04 elementor-widget elementor-widget-pxl_text_editor\" data-id=\"f1d9b04\" data-element_type=\"widget\" data-e-type=\"widget\" data-widget_type=\"pxl_text_editor.default\">\n\t\t\t\t<div class=\"elementor-widget-container\">\n\t\t\t\t\t<div id=\"pxl_text_editor-f1d9b04-1785\" class=\"pxl-text-editor-wrap d-flex\" >\n\t<div class=\"pxl-text-editor elementor-clearfix\">\n\t\t<p>Az \u201eez\u00fcst turizmus\u201d a \u201ehossz\u00fa \u00e9let gazdas\u00e1g\u00e1hoz\u201d kapcsol\u00f3dik, amely a n\u00e9pess\u00e9g el\u00f6reged\u00e9s\u00e9vel j\u00e1r\u00f3 lehet\u0151s\u00e9gekre \u00e9s kih\u00edv\u00e1sokra utal. Az Eur\u00f3pai Parlament K\u00f6zleked\u00e9si \u00e9s Turisztikai Bizotts\u00e1ga megb\u00edz\u00e1s\u00e1b\u00f3l k\u00e9sz\u00fclt \u201eA hossz\u00fa \u00e9let gazdas\u00e1g\u00e1nak szerepe a turisztikai \u00e1gazatban\u201d c\u00edm\u0171 tanulm\u00e1ny szerint az id\u0151sebb turist\u00e1k rengeteg szabadidej\u00fckkel, stabil j\u00f6vedelemmel \u00e9s er\u0151s v\u00e1ggyal rendelkeznek \u00faj \u00fati c\u00e9lok felfedez\u00e9s\u00e9re, olyan \u00e9lm\u00e9nyeket keresve, mint a gy\u00f3gyf\u00fcrd\u0151i \u00e9s kultur\u00e1lis turizmus. K\u00fcl\u00f6n\u00f6sen az ebben a korban utaz\u00f3k r\u00e9szes\u00edtik el\u0151nyben a kev\u00e9sb\u00e9 zs\u00fafolt utakat, \u00e9s azokra a tev\u00e9kenys\u00e9gekre \u00f6sszpontos\u00edtanak, amelyek jav\u00edtj\u00e1k a j\u00f3l\u00e9tet \u00e9s az \u00e9letmin\u0151s\u00e9get.<\/p><p>A tanulm\u00e1ny szerint az id\u0151sebb emberek turizmusa, m\u00e1s n\u00e9ven \u201eez\u00fcst turizmus\u201d, k\u00e9t okb\u00f3l is fontos:<\/p><p><strong>Az eg\u00e9szs\u00e9g \u00e9s az \u00e9letmin\u0151s\u00e9g jav\u00edt\u00e1sa:<\/strong> Seg\u00edt az id\u0151sebb embereknek meg\u0151rizni eg\u00e9szs\u00e9g\u00fcket \u00e9s jav\u00edtani \u00e9letmin\u0151s\u00e9g\u00fcket. \u00cdgy hosszabb ideig maradnak akt\u00edvak, hozz\u00e1j\u00e1rulnak a munk\u00e1hoz vagy r\u00e9szt vesznek a mindennapi tev\u00e9kenys\u00e9gekben, p\u00e9ld\u00e1ul a szabadid\u0151s utakon. Mell\u00e9khat\u00e1sk\u00e9nt pozit\u00edv hat\u00e1sk\u00e9nt a nemzeti eg\u00e9szs\u00e9g\u00fcgyi rendszerek tehermentes\u00edt\u00e9se is megfigyelhet\u0151.<\/p><p><strong>A gazdas\u00e1g mozg\u00f3s\u00edt\u00e1sa:<\/strong> Lehet\u0151v\u00e9 teszi az id\u0151sek sz\u00e1m\u00e1ra, hogy elk\u00f6lts\u00e9k a felhalmozott megtakar\u00edt\u00e1saikat, er\u0151s\u00edtve a gazdas\u00e1got. Ez a p\u00e9nz visszaker\u00fcl a piacra, \u00e9s a turizmushoz kapcsol\u00f3d\u00f3 k\u00fcl\u00f6nf\u00e9le \u00e1gazatoknak kedvez. Ugyanakkor, amikor az id\u0151sek k\u00fclf\u00f6ldre utaznak, a p\u00e9nz egyik gazdas\u00e1gb\u00f3l a m\u00e1sikba \u00e1ramlik, ami egyes orsz\u00e1goknak nagyobb hasznot hozhat.<\/p><p><strong>Az \u201eez\u00fcst turizmus\u201d kil\u00e1t\u00e1sai G\u00f6r\u00f6gorsz\u00e1gban<\/strong><\/p><p>G\u00f6r\u00f6gorsz\u00e1gnak minden felt\u00e9tele megvan ahhoz, hogy profit\u00e1ljon az \u201eez\u00fcst turizmusb\u00f3l\u201d. A diaNEOsis szerint 2050-re G\u00f6r\u00f6gorsz\u00e1g turisztikai kiad\u00e1sainak t\u00f6bb mint egyharmada az \u201eez\u00fcst gazdas\u00e1ghoz\u201d fog kapcsol\u00f3dni. A SETE, a KEPE \u00e9s az IOBE becsl\u00e9sei szerint orsz\u00e1gunk tov\u00e1bbi 1 milli\u00f3 id\u0151sebb turist\u00e1t vonzhat, akik potenci\u00e1lisan 1,5 milli\u00e1rd eur\u00f3s bev\u00e9telt gener\u00e1lhatnak, ami 3,7 milli\u00e1rd eur\u00f3val j\u00e1rulhat hozz\u00e1 a g\u00f6r\u00f6g gazdas\u00e1g GDP-j\u00e9hez, \u00e9s 60 000 \u00faj munkahelyet teremthet.<\/p><p>Az id\u0151sebb utaz\u00f3k jelenthetik az alapot a turizmus szezonalit\u00e1s\u00e1nak enyh\u00edt\u00e9s\u00e9re, mivel \u0151k az alacsony kereslet\u0171 id\u0151szakokat r\u00e9szes\u00edtik el\u0151nyben.<\/p><p>Tov\u00e1bb\u00e1 az \u201e\u00e9lettartam gazdas\u00e1g\u00e1r\u00f3l\u201d sz\u00f3l\u00f3 eur\u00f3pai tanulm\u00e1ny arr\u00f3l sz\u00e1mol be, hogy a vid\u00e9ki turizmus egyre n\u00e9pszer\u0171bb az id\u0151sek k\u00f6r\u00e9ben. Spanyolorsz\u00e1g, Rom\u00e1nia \u00e9s Portug\u00e1lia az EU \u00e9l\u00e9n \u00e1ll, m\u00edg a vid\u00e9ki turizmus Lengyelorsz\u00e1gban is meglehet\u0151sen n\u00e9pszer\u0171 az id\u0151sebb feln\u0151ttek k\u00f6r\u00e9ben. \u201eAz \u2019ez\u00fcst turizmus\u2019 seg\u00edthet a vid\u00e9ki ter\u00fcleteken az\u00e1ltal, hogy \u00faj j\u00f6vedelemforr\u00e1st hoz a h\u00e1ztart\u00e1sokba, lehet\u0151v\u00e9 t\u00e9ve azok sz\u00e1m\u00e1ra az id\u0151sebb feln\u0151ttek sz\u00e1m\u00e1ra, akik nem tudnak hat\u00e9konyan mez\u0151gazdas\u00e1gi munk\u00e1t v\u00e9gezni, hogy a turisztikai \u00e1gazatban dolgozzanak. Ezek az id\u0151sek azonban nem rendelkeznek bizonyos sz\u00fcks\u00e9ges k\u00e9szs\u00e9gekkel, p\u00e9ld\u00e1ul az idegen nyelvek besz\u00e9l\u00e9s\u00e9vel, ami cs\u00f6kkentheti a nemzetk\u00f6zi turizmus vonzerej\u00e9t a vid\u00e9ki ter\u00fcleteken. Ugyanakkor a vid\u00e9ki ter\u00fcleteken \u00e9l\u0151 id\u0151sebb emberek gyakran rendelkeznek speci\u00e1lis ismeretekkel a helyi t\u00f6rt\u00e9nelmi, kultur\u00e1lis \u00e9s term\u00e9szeti \u00e9rt\u00e9kekr\u0151l, amelyeket kiakn\u00e1zhatnak\u201d \u2013 mutat r\u00e1 a tanulm\u00e1ny.<\/p>\t\t\n\t<\/div>\n<\/div>\t\t\t\t<\/div>\n\t\t\t\t<\/div>\n\t\t                    <\/div>\r\n        <\/div>\r\n        \t\t\t<\/div>\n\t\t<\/section>\n\t\t        <section class=\"elementor-section elementor-inner-section elementor-element elementor-element-c020803 elementor-section-boxed elementor-section-height-default elementor-section-height-default pxl-section-static-pos-no pxl-section-overflow-hidden-no pxl-container-margin-auto-no\" data-id=\"c020803\" data-element_type=\"section\" data-e-type=\"section\">\n\n                \n                <div class=\"elementor-container elementor-column-gap-default\">\n                <div class=\"elementor-column elementor-col-50 elementor-inner-column elementor-element elementor-element-fe1b30b col-offset-none pxl-column-element-default pxl-column-overflow-hidden-no\" data-id=\"fe1b30b\" data-element_type=\"column\" data-e-type=\"column\">\r\n        <div class=\"elementor-widget-wrap elementor-element-populated\">\r\n                    \t\t<div class=\"elementor-element elementor-element-5453878 elementor-widget elementor-widget-pxl_heading\" data-id=\"5453878\" data-element_type=\"widget\" data-e-type=\"widget\" data-widget_type=\"pxl_heading.default\">\n\t\t\t\t<div class=\"elementor-widget-container\">\n\t\t\t\t\t<div class=\"pxl-heading-wrap d-flex\">\n    <div class=\"pxl-heading-inner\">\n                <h3 class=\"heading-title\">\n                        Az \u201eEz\u00fcst Turizmus\u201d fejleszt\u00e9s\u00e9nek f\u0151 pill\u00e9rei         <\/h3>\n            <\/div>\n<\/div>\n\n\t\t\t\t<\/div>\n\t\t\t\t<\/div>\n\t\t\t\t<div class=\"elementor-element elementor-element-043ef75 elementor-widget elementor-widget-pxl_text_editor\" data-id=\"043ef75\" data-element_type=\"widget\" data-e-type=\"widget\" data-widget_type=\"pxl_text_editor.default\">\n\t\t\t\t<div class=\"elementor-widget-container\">\n\t\t\t\t\t<div id=\"pxl_text_editor-043ef75-7088\" class=\"pxl-text-editor-wrap d-flex\" >\n\t<div class=\"pxl-text-editor elementor-clearfix\">\n\t\t<p><strong>Gy\u00f3gyf\u00fcrd\u0151turizmus:<\/strong> G\u00f6r\u00f6gorsz\u00e1gban t\u00f6bb mint 750 gy\u00f3gyf\u00fcrd\u0151 tal\u00e1lhat\u00f3, amelyek k\u00f6z\u00fcl sok \u00e1talak\u00edthat\u00f3 magas sz\u00ednvonal\u00fa wellnessk\u00f6zpontt\u00e1. A Turisztikai Miniszt\u00e9rium m\u00e1r t\u00e1mogatja a term\u00e9szeti er\u0151forr\u00e1sok kiakn\u00e1z\u00e1s\u00e1ra ir\u00e1nyul\u00f3 strat\u00e9giai tanulm\u00e1nyokat, valamint a gy\u00f3gyf\u00fcrd\u0151i \u00e9s id\u0151sturizmus szektor\u00e1ba t\u00f6rt\u00e9n\u0151 beruh\u00e1z\u00e1sok meger\u0151s\u00edt\u00e9s\u00e9t a Helyre\u00e1ll\u00edt\u00e1si Alap forr\u00e1saib\u00f3l. A gy\u00f3gyf\u00fcrd\u0151i turizmus eset\u00e9ben val\u00f3j\u00e1ban egy alkalmaz\u00e1s l\u00e9trehoz\u00e1s\u00e1t tervezik, amely relev\u00e1ns inform\u00e1ci\u00f3kat ny\u00fajt, \u00e9s kiemeli a ter\u00fcleteket \u00e9s az \u00e9rdekes helyeket.<\/p><p><strong>Kultur\u00e1lis \u00e9s gasztron\u00f3miai turizmus:<\/strong> Az id\u0151sebb turist\u00e1k k\u00fcl\u00f6n\u00f6sen \u00e9rdekl\u0151dnek az autentikus kult\u00fara \u00e9s gasztron\u00f3mia ir\u00e1nt. L\u00e9nyeges az alternat\u00edv tev\u00e9kenys\u00e9gek n\u00e9pszer\u0171s\u00edt\u00e9se, mint p\u00e9ld\u00e1ul a m\u00fazeumok, r\u00e9g\u00e9szeti lel\u0151helyek \u00e9s helyi fesztiv\u00e1lok l\u00e1togat\u00e1sa.<br \/>Sz\u00e1ll\u00e1s \u00e9s infrastrukt\u00fara: A siker kulcsa az id\u0151sek sz\u00e1m\u00e1ra is megfelel\u0151 infrastrukt\u00fara kialak\u00edt\u00e1sa, mint p\u00e9ld\u00e1ul a k\u00f6nnyen megk\u00f6zel\u00edthet\u0151 sz\u00e1ll\u00e1shelyek, a speci\u00e1lis turisztikai csomagok \u00e9s a l\u00e1togat\u00f3t\u00e1mogat\u00e1si alkalmaz\u00e1sok.<br \/>Folyamatos k\u00e9pz\u00e9s \u00e9s t\u00e1j\u00e9koztat\u00e1s: Elengedhetetlen a turisztikai szakemberek k\u00e9pz\u00e9se \u00e9s t\u00e1j\u00e9koztat\u00e1sa az e koroszt\u00e1lyba tartoz\u00f3 utaz\u00f3k saj\u00e1tos ig\u00e9nyeir\u0151l.<\/p><p><strong>Sikeres p\u00e9ld\u00e1k<\/strong><\/p><p>Figyelemre m\u00e9lt\u00f3 p\u00e9lda erre Korfu, amelyet az International Living glob\u00e1lis nyugd\u00edjindexe alapj\u00e1n a vil\u00e1g legjobb nyugd\u00edjas \u00fati c\u00e9ljai k\u00f6z\u00e9 sorolt. A besz\u00e1mol\u00f3k szerint Korfu alacsony meg\u00e9lhet\u00e9si k\u00f6lts\u00e9geket, kiv\u00e1l\u00f3 eg\u00e9szs\u00e9g\u00fcgyi ell\u00e1t\u00e1st \u00e9s egy multikulturalizmust t\u00e1mogat\u00f3 k\u00f6z\u00f6ss\u00e9get k\u00edn\u00e1l.<\/p><p>Ebben az \u00f6sszef\u00fcgg\u00e9sben a g\u00f6r\u00f6gorsz\u00e1gi \u201em\u00e1sodlagos\u201d turisztikai c\u00e9lpontokba eszk\u00f6z\u00f6lt befektet\u00e9sek sorozata az id\u0151sek turizmus\u00e1ra ir\u00e1ny\u00edtotta a figyelmet. Az Alex Haditaghi \u00e1ltal tervezett Hamptons Greece Kaval\u00e1ban, a Banyan Tree \u00e1ltal tervezett Varko Bay Palerosban, Aitoloakarnania, vagy az Alexandros Angelopoulos \u00e1ltal tervezett, ak\u00e1r 600 lak\u00f3egys\u00e9gb\u0151l \u00e1ll\u00f3 turisztikai falu Ili\u00e1ban, az Aldemar Olympian Village sz\u00e1llod\u00e1ja mellett, csak n\u00e9h\u00e1ny p\u00e9lda, amelyek kiemelik G\u00f6r\u00f6gorsz\u00e1g lehet\u0151s\u00e9geit a turisztikai beruh\u00e1z\u00e1sok ter\u00e9n az \u201eez\u00fcst turizmus\u201d kiakn\u00e1z\u00e1sa \u00e9rdek\u00e9ben.<br \/>Szab\u00e1lyzatok \u00e9s partners\u00e9gek<\/p><p>Az Eur\u00f3pai Uni\u00f3 akt\u00edvan t\u00e1mogatja az ez\u00fcstturizmust olyan programokon kereszt\u00fcl, mint p\u00e9ld\u00e1ul <strong>TURIZMUS MINDENKINEK<\/strong>, amelynek c\u00e9lja megfizethet\u0151 \u00e9s hozz\u00e1f\u00e9rhet\u0151 turisztikai szolg\u00e1ltat\u00e1sok l\u00e9trehoz\u00e1sa. G\u00f6r\u00f6gorsz\u00e1g kihaszn\u00e1lhatja az eur\u00f3pai forr\u00e1sokat \u00e9s partners\u00e9geket az infrastrukt\u00fara fejleszt\u00e9se \u00e9s az id\u0151sek turizmus\u00e1nak el\u0151mozd\u00edt\u00e1sa \u00e9rdek\u00e9ben.<br \/>Az ez\u00fcstturizmus nemcsak a gazdas\u00e1gi n\u00f6veked\u00e9s perspekt\u00edv\u00e1ja, hanem egyben lehet\u0151s\u00e9get is k\u00edn\u00e1l G\u00f6r\u00f6gorsz\u00e1g, mint az id\u0151sebb utaz\u00f3k glob\u00e1lis \u00fati c\u00e9lj\u00e1nak n\u00e9pszer\u0171s\u00edt\u00e9s\u00e9re. Strat\u00e9giai beruh\u00e1z\u00e1sokkal, a term\u00e9szeti er\u0151forr\u00e1sok megfelel\u0151 kezel\u00e9s\u00e9vel \u00e9s az autentikus \u00e9lm\u00e9nyekre helyezett hangs\u00falysal orsz\u00e1gunk egy gyorsan n\u00f6vekv\u0151 piac \u00e9l\u00e9re \u00e1llhat, amely \u00f6tv\u00f6zi a wellnesst, a kult\u00far\u00e1t \u00e9s a fenntarthat\u00f3s\u00e1got.<\/p>\t\t\n\t<\/div>\n<\/div>\t\t\t\t<\/div>\n\t\t\t\t<\/div>\n\t\t                    <\/div>\r\n        <\/div>\r\n                <div class=\"elementor-column elementor-col-50 elementor-inner-column elementor-element elementor-element-b5c72f5 col-offset-none pxl-column-element-default pxl-column-overflow-hidden-no\" data-id=\"b5c72f5\" data-element_type=\"column\" data-e-type=\"column\">\r\n        <div class=\"elementor-widget-wrap elementor-element-populated\">\r\n                    \t\t<div class=\"elementor-element elementor-element-ceaebb7 elementor-widget elementor-widget-image\" data-id=\"ceaebb7\" data-element_type=\"widget\" data-e-type=\"widget\" data-widget_type=\"image.default\">\n\t\t\t\t<div class=\"elementor-widget-container\">\n\t\t\t\t\t\t\t\t\t\t\t\t\t\t\t<img decoding=\"async\" width=\"601\" height=\"775\" data-src=\"https:\/\/www.alsusboutiquehotel.com\/wp-content\/uploads\/our-fabulous-salads-at-our-restaurant-Alsus-Boutique-Hotel-at-Ammoudara-Heraklion-CRETE.jpg\" class=\"attachment-full size-full wp-image-17702 lazyload\" alt=\"mes\u00e9s sal\u00e1t\u00e1ink \u00e9tterm\u00fcnkben - Alsus Boutique Hotel Ammoudar\u00e1ban (Heraklion, Kr\u00e9ta)\" data-srcset=\"https:\/\/www.alsusboutiquehotel.com\/wp-content\/uploads\/our-fabulous-salads-at-our-restaurant-Alsus-Boutique-Hotel-at-Ammoudara-Heraklion-CRETE.jpg 601w, https:\/\/www.alsusboutiquehotel.com\/wp-content\/uploads\/our-fabulous-salads-at-our-restaurant-Alsus-Boutique-Hotel-at-Ammoudara-Heraklion-CRETE-9x12.jpg 9w, https:\/\/www.alsusboutiquehotel.com\/wp-content\/uploads\/our-fabulous-salads-at-our-restaurant-Alsus-Boutique-Hotel-at-Ammoudara-Heraklion-CRETE-551x710.jpg 551w\" data-sizes=\"(max-width: 601px) 100vw, 601px\" title=\"\" src=\"data:image\/svg+xml;base64,PHN2ZyB3aWR0aD0iMSIgaGVpZ2h0PSIxIiB4bWxucz0iaHR0cDovL3d3dy53My5vcmcvMjAwMC9zdmciPjwvc3ZnPg==\" style=\"--smush-placeholder-width: 601px; --smush-placeholder-aspect-ratio: 601\/775;\">\t\t\t\t\t\t\t\t\t\t\t\t\t\t\t<\/div>\n\t\t\t\t<\/div>\n\t\t\t\t<div class=\"elementor-element elementor-element-6923e62 elementor-widget elementor-widget-image\" data-id=\"6923e62\" data-element_type=\"widget\" data-e-type=\"widget\" data-widget_type=\"image.default\">\n\t\t\t\t<div class=\"elementor-widget-container\">\n\t\t\t\t\t\t\t\t\t\t\t\t\t\t\t<img decoding=\"async\" width=\"600\" height=\"765\" data-src=\"https:\/\/www.alsusboutiquehotel.com\/wp-content\/uploads\/fine-dinning-in-Heraklion-Crete.jpg\" class=\"attachment-full size-full wp-image-18049 lazyload\" alt=\"eleg\u00e1ns vacsora Heraklionban, Kr\u00e9t\u00e1n\" data-srcset=\"https:\/\/www.alsusboutiquehotel.com\/wp-content\/uploads\/fine-dinning-in-Heraklion-Crete.jpg 600w, https:\/\/www.alsusboutiquehotel.com\/wp-content\/uploads\/fine-dinning-in-Heraklion-Crete-9x12.jpg 9w, https:\/\/www.alsusboutiquehotel.com\/wp-content\/uploads\/fine-dinning-in-Heraklion-Crete-557x710.jpg 557w\" data-sizes=\"(max-width: 600px) 100vw, 600px\" title=\"\" src=\"data:image\/svg+xml;base64,PHN2ZyB3aWR0aD0iMSIgaGVpZ2h0PSIxIiB4bWxucz0iaHR0cDovL3d3dy53My5vcmcvMjAwMC9zdmciPjwvc3ZnPg==\" style=\"--smush-placeholder-width: 600px; --smush-placeholder-aspect-ratio: 600\/765;\">\t\t\t\t\t\t\t\t\t\t\t\t\t\t\t<\/div>\n\t\t\t\t<\/div>\n\t\t                    <\/div>\r\n        <\/div>\r\n        \t\t\t<\/div>\n\t\t<\/section>\n\t\t                    <\/div>\r\n        <\/div>\r\n        \t\t\t<\/div>\n\t\t<\/section>\n\t\t\t\t<\/div>","protected":false},"excerpt":{"rendered":"<p>What is &#8220;Silver Tourism&#8221; and how can Greece benefit\u200b (by Viki Tryfona \u2013 powergame.gr ) \u201cSilver Tourism\u201d is a dynamically developing tourism market, which focuses on the travel needs of senior citizens, that is, people over the age of 60. With Europe forecasting that 34% of its population will belong to this age group by [&hellip;]<\/p>\n","protected":false},"author":2,"featured_media":17891,"comment_status":"closed","ping_status":"open","sticky":false,"template":"elementor_header_footer","format":"standard","meta":{"footnotes":""},"categories":[139],"tags":[99,167,169,170,138,166,171,172,133,168,100,134,135,136,16,140,137],"class_list":["post-18030","post","type-post","status-publish","format-standard","has-post-thumbnail","hentry","category-traveling-trends","tag-crete","tag-crete-holidays","tag-cultural-travel-in-crete","tag-cultural-travel-in-greece","tag-elder","tag-elder-holidays","tag-elder-holidays-in-crete","tag-elder-holidays-in-greece","tag-elder-travel","tag-gastronomy","tag-greece","tag-holidays","tag-silver-tourism","tag-tourism","tag-travel","tag-traveling-trends","tag-vacations"],"_links":{"self":[{"href":"https:\/\/www.alsusboutiquehotel.com\/hu\/wp-json\/wp\/v2\/posts\/18030","targetHints":{"allow":["GET"]}}],"collection":[{"href":"https:\/\/www.alsusboutiquehotel.com\/hu\/wp-json\/wp\/v2\/posts"}],"about":[{"href":"https:\/\/www.alsusboutiquehotel.com\/hu\/wp-json\/wp\/v2\/types\/post"}],"author":[{"embeddable":true,"href":"https:\/\/www.alsusboutiquehotel.com\/hu\/wp-json\/wp\/v2\/users\/2"}],"replies":[{"embeddable":true,"href":"https:\/\/www.alsusboutiquehotel.com\/hu\/wp-json\/wp\/v2\/comments?post=18030"}],"version-history":[{"count":0,"href":"https:\/\/www.alsusboutiquehotel.com\/hu\/wp-json\/wp\/v2\/posts\/18030\/revisions"}],"wp:featuredmedia":[{"embeddable":true,"href":"https:\/\/www.alsusboutiquehotel.com\/hu\/wp-json\/wp\/v2\/media\/17891"}],"wp:attachment":[{"href":"https:\/\/www.alsusboutiquehotel.com\/hu\/wp-json\/wp\/v2\/media?parent=18030"}],"wp:term":[{"taxonomy":"category","embeddable":true,"href":"https:\/\/www.alsusboutiquehotel.com\/hu\/wp-json\/wp\/v2\/categories?post=18030"},{"taxonomy":"post_tag","embeddable":true,"href":"https:\/\/www.alsusboutiquehotel.com\/hu\/wp-json\/wp\/v2\/tags?post=18030"}],"curies":[{"name":"munkaf\u00fczet","href":"https:\/\/api.w.org\/{rel}","templated":true}]}}